{"id":1070,"date":"2022-09-01T19:05:19","date_gmt":"2022-09-01T17:05:19","guid":{"rendered":"https:\/\/alixarango.com\/fr\/?p=1070"},"modified":"2022-09-01T19:51:23","modified_gmt":"2022-09-01T17:51:23","slug":"retraite-guerir-ses-blessures-maternelles-et-ancestrales","status":"publish","type":"post","link":"https:\/\/alixarango.com\/fr\/retraite-guerir-ses-blessures-maternelles-et-ancestrales\/","title":{"rendered":"Retraite Gu\u00e9rir ses blessures Maternelles et Ancestrales"},"content":{"rendered":"<h2>Informations sur la Retraite :<\/h2>\n<h3>Retraite en tribu f\u00e9minine \u00ab Gu\u00e9rir ses blessures maternelles et ancestrales \u00bb \u00e0 Salvan &#8211; Valais<br \/>\nOrganisatrice : Alix Arango Badillo<br \/>\nDates du stage : 23-24-25 octobre 2022<\/h3>\n<p><img fetchpriority=\"high\" decoding=\"async\" class=\"alignnone wp-image-1074 size-full\" src=\"https:\/\/alixarango.com\/fr\/wp-content\/uploads\/sites\/2\/2022\/09\/Alix-arbol-LMDM-2022.jpg\" alt=\"Alix Arango retraite\" width=\"800\" height=\"800\" srcset=\"https:\/\/alixarango.com\/fr\/wp-content\/uploads\/sites\/2\/2022\/09\/Alix-arbol-LMDM-2022.jpg 800w, https:\/\/alixarango.com\/fr\/wp-content\/uploads\/sites\/2\/2022\/09\/Alix-arbol-LMDM-2022-300x300.jpg 300w, https:\/\/alixarango.com\/fr\/wp-content\/uploads\/sites\/2\/2022\/09\/Alix-arbol-LMDM-2022-150x150.jpg 150w, https:\/\/alixarango.com\/fr\/wp-content\/uploads\/sites\/2\/2022\/09\/Alix-arbol-LMDM-2022-768x768.jpg 768w\" sizes=\"(max-width: 800px) 100vw, 800px\" \/><\/p>\n<p>&nbsp;<\/p>\n<h2>Descriptif :<\/h2>\n<p>\u00ab Las manos de mi madre \u00bb ( \u00ab Gu\u00e9rir ses blessures maternelles et ancestrales \u00bb ) t\u2019invite \u00e0 retourner \u00e0 tes origines pour gu\u00e9rir tes blessures maternelles au travers de tes m\u00e9moires ut\u00e9rines.<\/p>\n<p>3 jours d\u2019immersion totale entre femmes pour plonger au c\u0153ur de la version la plus authentique de soi en se connectant \u00e0 notre matrice. Notre ut\u00e9rus &#8211; source de vie, de cr\u00e9ativit\u00e9 et d\u2019abondance, est porteur de nos m\u00e9moires ancestrales. Il contient aussi toutes nos souffrances et limitations, conscientes et inconscientes, que nous nous cr\u00e9ons et qui nous ont \u00e9t\u00e9 transmises au fil des g\u00e9n\u00e9rations. Ce bagage peut \u00eatre un frein \u00e0 une vie \u00e9panouie et harmonieuse.<\/p>\n<p>Ce voyage profond au travers de tes m\u00e9moires ut\u00e9rines ouvrira le chemin te permettant d\u2019aller vers la pacification de ta relation maternelle et de celle de tes anc\u00eatres. En tant que source de vie, l\u2019ut\u00e9rus est \u00e0 l\u2019origine de la transformation et de la force qui te permettront de te lib\u00e9rer des blessures et croyances limitantes gard\u00e9es depuis des g\u00e9n\u00e9rations.<\/p>\n<p>Lorsque tu empruntes ce chemin de r\u00e9conciliation, tu te permettras \u00e9galement d\u2019acc\u00e9der \u00e0 l&rsquo;amour, \u00e0 la compr\u00e9hension, \u00e0 la compassion et \u00e0 l&rsquo;abondance.<\/p>\n<p>Souvenir de la retraite \u00ab\u00a0las manos de mi madre\u00a0\u00bb en Colombie 2022\u00a0: <a href=\"https:\/\/youtu.be\/waR4xE-VFC8\">https:\/\/youtu.be\/waR4xE-VFC8<\/a><\/p>\n<p><img decoding=\"async\" class=\"wp-image-2545 size-full alignnone\" src=\"https:\/\/alixarango.com\/wp-content\/uploads\/2022\/09\/Retiro-las-Manos-de-mi-Madre-vertical.jpg\" alt=\"Retiro las Manos de mi Madre vertical\" width=\"500\" height=\"662\" \/><\/p>\n<p>&nbsp;<\/p>\n<p>Je te laisse t\u00e9l\u00e9charger le pdf avec les informations d\u00e9taill\u00e9es sur la retraite&#8230;<\/p>\n<p><a href=\"https:\/\/alixarango.com\/fr\/wp-content\/uploads\/sites\/2\/2022\/09\/Retraite-LAS-MANOS-DE-MI-MADRE-SUIZA.octubre2022.highquality.pdf\" target=\"_blank\" rel=\"noopener\"><br \/>\n<button>T\u00e9l\u00e9charger le PDF de la retraite<\/button><br \/>\n<\/a><\/p>\n<p>&nbsp;<\/p>\n<h2>Infos et inscriptions :<\/h2>\n<p><a href=\"mailto:celine.lamendola@bluewin.ch\">celine.lamendola@bluewin.ch<\/a> ou +41 78\u00a0934 95 21<\/p>\n<p><a href=\"https:\/\/alixarango.com\/fr\/\">alixarango.com\/fr<\/a><br \/>\nInstagram <a href=\"https:\/\/www.instagram.com\/alizenloveismedicine\/\">@alizenloveismedicine<\/a><br \/>\nFacebook <a href=\"https:\/\/www.facebook.com\/alizenloveismedicine\">Alizen Love is Medicine<\/a><\/p>\n<p><img decoding=\"async\" class=\"alignnone wp-image-2543 size-full\" src=\"https:\/\/alixarango.com\/wp-content\/uploads\/2022\/09\/Tambor-Retiro-las-Manos-de-mi-Madre.jpg\" alt=\"Tambor Retiro las Manos de mi Madre\" width=\"540\" height=\"540\" \/><\/p>\n","protected":false},"excerpt":{"rendered":"<p>Informations sur la Retraite : Retraite en tribu f\u00e9minine \u00ab Gu\u00e9rir ses blessures maternelles et ancestrales \u00bb \u00e0 Salvan &#8211; Valais Organisatrice : Alix Arango Badillo Dates du stage : 23-24-25 octobre 2022 &nbsp; Descriptif : \u00ab Las manos de mi madre \u00bb ( \u00ab Gu\u00e9rir ses blessures maternelles et ancestrales \u00bb ) t\u2019invite \u00e0 &#8230; <\/p>\n<p class=\"read-more-container\"><a title=\"Retraite Gu\u00e9rir ses blessures Maternelles et Ancestrales\" class=\"read-more button\" href=\"https:\/\/alixarango.com\/fr\/retraite-guerir-ses-blessures-maternelles-et-ancestrales\/#more-1070\" aria-label=\"En savoir plus sur Retraite Gu\u00e9rir ses blessures Maternelles et Ancestrales\">Leer m\u00e1s&#8230;<\/a><\/p>\n","protected":false},"author":2,"featured_media":1071,"comment_status":"open","ping_status":"closed","sticky":false,"template":"","format":"standard","meta":{"_monsterinsights_skip_tracking":false,"_monsterinsights_sitenote_active":false,"_monsterinsights_sitenote_note":"","_monsterinsights_sitenote_category":0,"footnotes":""},"categories":[19,20],"tags":[],"class_list":["post-1070","post","type-post","status-publish","format-standard","has-post-thumbnail","hentry","category-nouvelles","category-retraites","masonry-post","generate-columns","tablet-grid-50","mobile-grid-100","grid-parent","grid-33"],"yoast_head":"<!-- This site is optimized with the Yoast SEO plugin v26.2 - https:\/\/yoast.com\/wordpress\/plugins\/seo\/ -->\n<title>Retraite Gu\u00e9rir ses blessures Maternelles et Ancestrales &#8226; Alizen FR<\/title>\n<meta name=\"description\" content=\"Gu\u00e9rir ses blessures Maternelles et Ancestrales, une retraite t\u2019invite \u00e0 retourner \u00e0 tes origines pour gu\u00e9rir tes blessures maternelles au travers de tes m\u00e9moires ut\u00e9rines\" \/>\n<meta name=\"robots\" content=\"index, follow, max-snippet:-1, max-image-preview:large, max-video-preview:-1\" \/>\n<link rel=\"canonical\" href=\"https:\/\/alixarango.com\/fr\/retraite-guerir-ses-blessures-maternelles-et-ancestrales\/\" \/>\n<meta property=\"og:locale\" content=\"fr_FR\" \/>\n<meta property=\"og:type\" content=\"article\" \/>\n<meta property=\"og:title\" content=\"Retraite Gu\u00e9rir ses blessures Maternelles et Ancestrales &#8226; Alizen FR\" \/>\n<meta property=\"og:description\" content=\"Gu\u00e9rir ses blessures Maternelles et Ancestrales, une retraite t\u2019invite \u00e0 retourner \u00e0 tes origines pour gu\u00e9rir tes blessures maternelles au travers de tes m\u00e9moires ut\u00e9rines\" \/>\n<meta property=\"og:url\" content=\"https:\/\/alixarango.com\/fr\/retraite-guerir-ses-blessures-maternelles-et-ancestrales\/\" \/>\n<meta property=\"og:site_name\" content=\"Alizen FR\" \/>\n<meta property=\"article:published_time\" content=\"2022-09-01T17:05:19+00:00\" \/>\n<meta property=\"article:modified_time\" content=\"2022-09-01T17:51:23+00:00\" \/>\n<meta property=\"og:image\" content=\"https:\/\/alixarango.com\/fr\/wp-content\/uploads\/sites\/2\/2022\/09\/202209Retiro-las-Manos-de-mi-Madre.jpg\" \/>\n\t<meta property=\"og:image:width\" content=\"800\" \/>\n\t<meta property=\"og:image:height\" content=\"600\" \/>\n\t<meta property=\"og:image:type\" content=\"image\/jpeg\" \/>\n<meta name=\"author\" content=\"Alix Arango\" \/>\n<meta name=\"twitter:card\" content=\"summary_large_image\" \/>\n<meta name=\"twitter:label1\" content=\"\u00c9crit par\" \/>\n\t<meta name=\"twitter:data1\" content=\"Alix Arango\" \/>\n\t<meta name=\"twitter:label2\" content=\"Dur\u00e9e de lecture estim\u00e9e\" \/>\n\t<meta name=\"twitter:data2\" content=\"2 minutes\" \/>\n<script type=\"application\/ld+json\" class=\"yoast-schema-graph\">{\"@context\":\"https:\/\/schema.org\",\"@graph\":[{\"@type\":\"Article\",\"@id\":\"https:\/\/alixarango.com\/fr\/retraite-guerir-ses-blessures-maternelles-et-ancestrales\/#article\",\"isPartOf\":{\"@id\":\"https:\/\/alixarango.com\/fr\/retraite-guerir-ses-blessures-maternelles-et-ancestrales\/\"},\"author\":{\"name\":\"Alix Arango\",\"@id\":\"https:\/\/alixarango.com\/fr\/#\/schema\/person\/56d79542f55b9997f2852ae954dc9d6c\"},\"headline\":\"Retraite Gu\u00e9rir ses blessures Maternelles et Ancestrales\",\"datePublished\":\"2022-09-01T17:05:19+00:00\",\"dateModified\":\"2022-09-01T17:51:23+00:00\",\"mainEntityOfPage\":{\"@id\":\"https:\/\/alixarango.com\/fr\/retraite-guerir-ses-blessures-maternelles-et-ancestrales\/\"},\"wordCount\":309,\"commentCount\":0,\"publisher\":{\"@id\":\"https:\/\/alixarango.com\/fr\/#\/schema\/person\/56d79542f55b9997f2852ae954dc9d6c\"},\"image\":{\"@id\":\"https:\/\/alixarango.com\/fr\/retraite-guerir-ses-blessures-maternelles-et-ancestrales\/#primaryimage\"},\"thumbnailUrl\":\"https:\/\/alixarango.com\/fr\/wp-content\/uploads\/sites\/2\/2022\/09\/202209Retiro-las-Manos-de-mi-Madre.jpg\",\"articleSection\":[\"Nouvelles\",\"retraites\"],\"inLanguage\":\"fr-FR\",\"potentialAction\":[{\"@type\":\"CommentAction\",\"name\":\"Comment\",\"target\":[\"https:\/\/alixarango.com\/fr\/retraite-guerir-ses-blessures-maternelles-et-ancestrales\/#respond\"]}]},{\"@type\":\"WebPage\",\"@id\":\"https:\/\/alixarango.com\/fr\/retraite-guerir-ses-blessures-maternelles-et-ancestrales\/\",\"url\":\"https:\/\/alixarango.com\/fr\/retraite-guerir-ses-blessures-maternelles-et-ancestrales\/\",\"name\":\"Retraite Gu\u00e9rir ses blessures Maternelles et Ancestrales &#8226; Alizen FR\",\"isPartOf\":{\"@id\":\"https:\/\/alixarango.com\/fr\/#website\"},\"primaryImageOfPage\":{\"@id\":\"https:\/\/alixarango.com\/fr\/retraite-guerir-ses-blessures-maternelles-et-ancestrales\/#primaryimage\"},\"image\":{\"@id\":\"https:\/\/alixarango.com\/fr\/retraite-guerir-ses-blessures-maternelles-et-ancestrales\/#primaryimage\"},\"thumbnailUrl\":\"https:\/\/alixarango.com\/fr\/wp-content\/uploads\/sites\/2\/2022\/09\/202209Retiro-las-Manos-de-mi-Madre.jpg\",\"datePublished\":\"2022-09-01T17:05:19+00:00\",\"dateModified\":\"2022-09-01T17:51:23+00:00\",\"description\":\"Gu\u00e9rir ses blessures Maternelles et Ancestrales, une retraite t\u2019invite \u00e0 retourner \u00e0 tes origines pour gu\u00e9rir tes blessures maternelles au travers de tes m\u00e9moires ut\u00e9rines\",\"breadcrumb\":{\"@id\":\"https:\/\/alixarango.com\/fr\/retraite-guerir-ses-blessures-maternelles-et-ancestrales\/#breadcrumb\"},\"inLanguage\":\"fr-FR\",\"potentialAction\":[{\"@type\":\"ReadAction\",\"target\":[\"https:\/\/alixarango.com\/fr\/retraite-guerir-ses-blessures-maternelles-et-ancestrales\/\"]}]},{\"@type\":\"ImageObject\",\"inLanguage\":\"fr-FR\",\"@id\":\"https:\/\/alixarango.com\/fr\/retraite-guerir-ses-blessures-maternelles-et-ancestrales\/#primaryimage\",\"url\":\"https:\/\/alixarango.com\/fr\/wp-content\/uploads\/sites\/2\/2022\/09\/202209Retiro-las-Manos-de-mi-Madre.jpg\",\"contentUrl\":\"https:\/\/alixarango.com\/fr\/wp-content\/uploads\/sites\/2\/2022\/09\/202209Retiro-las-Manos-de-mi-Madre.jpg\",\"width\":800,\"height\":600},{\"@type\":\"BreadcrumbList\",\"@id\":\"https:\/\/alixarango.com\/fr\/retraite-guerir-ses-blessures-maternelles-et-ancestrales\/#breadcrumb\",\"itemListElement\":[{\"@type\":\"ListItem\",\"position\":1,\"name\":\"Portada\",\"item\":\"https:\/\/alixarango.com\/fr\/\"},{\"@type\":\"ListItem\",\"position\":2,\"name\":\"Retraite Gu\u00e9rir ses blessures Maternelles et Ancestrales\"}]},{\"@type\":\"WebSite\",\"@id\":\"https:\/\/alixarango.com\/fr\/#website\",\"url\":\"https:\/\/alixarango.com\/fr\/\",\"name\":\"Alizen\",\"description\":\"La danse, le mouvement et la cyclicit\u00e9 par Alix Arango\",\"publisher\":{\"@id\":\"https:\/\/alixarango.com\/fr\/#\/schema\/person\/56d79542f55b9997f2852ae954dc9d6c\"},\"potentialAction\":[{\"@type\":\"SearchAction\",\"target\":{\"@type\":\"EntryPoint\",\"urlTemplate\":\"https:\/\/alixarango.com\/fr\/?s={search_term_string}\"},\"query-input\":{\"@type\":\"PropertyValueSpecification\",\"valueRequired\":true,\"valueName\":\"search_term_string\"}}],\"inLanguage\":\"fr-FR\"},{\"@type\":[\"Person\",\"Organization\"],\"@id\":\"https:\/\/alixarango.com\/fr\/#\/schema\/person\/56d79542f55b9997f2852ae954dc9d6c\",\"name\":\"Alix Arango\",\"image\":{\"@type\":\"ImageObject\",\"inLanguage\":\"fr-FR\",\"@id\":\"https:\/\/alixarango.com\/fr\/#\/schema\/person\/image\/\",\"url\":\"https:\/\/alixarango.com\/fr\/wp-content\/uploads\/sites\/2\/2020\/09\/loogo-alizen-corazon-300.png\",\"contentUrl\":\"https:\/\/alixarango.com\/fr\/wp-content\/uploads\/sites\/2\/2020\/09\/loogo-alizen-corazon-300.png\",\"width\":300,\"height\":300,\"caption\":\"Alix Arango\"},\"logo\":{\"@id\":\"https:\/\/alixarango.com\/fr\/#\/schema\/person\/image\/\"}}]}<\/script>\n<!-- \/ Yoast SEO plugin. -->","yoast_head_json":{"title":"Retraite Gu\u00e9rir ses blessures Maternelles et Ancestrales &#8226; Alizen FR","description":"Gu\u00e9rir ses blessures Maternelles et Ancestrales, une retraite t\u2019invite \u00e0 retourner \u00e0 tes origines pour gu\u00e9rir tes blessures maternelles au travers de tes m\u00e9moires ut\u00e9rines","robots":{"index":"index","follow":"follow","max-snippet":"max-snippet:-1","max-image-preview":"max-image-preview:large","max-video-preview":"max-video-preview:-1"},"canonical":"https:\/\/alixarango.com\/fr\/retraite-guerir-ses-blessures-maternelles-et-ancestrales\/","og_locale":"fr_FR","og_type":"article","og_title":"Retraite Gu\u00e9rir ses blessures Maternelles et Ancestrales &#8226; Alizen FR","og_description":"Gu\u00e9rir ses blessures Maternelles et Ancestrales, une retraite t\u2019invite \u00e0 retourner \u00e0 tes origines pour gu\u00e9rir tes blessures maternelles au travers de tes m\u00e9moires ut\u00e9rines","og_url":"https:\/\/alixarango.com\/fr\/retraite-guerir-ses-blessures-maternelles-et-ancestrales\/","og_site_name":"Alizen FR","article_published_time":"2022-09-01T17:05:19+00:00","article_modified_time":"2022-09-01T17:51:23+00:00","og_image":[{"width":800,"height":600,"url":"https:\/\/alixarango.com\/fr\/wp-content\/uploads\/sites\/2\/2022\/09\/202209Retiro-las-Manos-de-mi-Madre.jpg","type":"image\/jpeg"}],"author":"Alix Arango","twitter_card":"summary_large_image","twitter_misc":{"\u00c9crit par":"Alix Arango","Dur\u00e9e de lecture estim\u00e9e":"2 minutes"},"schema":{"@context":"https:\/\/schema.org","@graph":[{"@type":"Article","@id":"https:\/\/alixarango.com\/fr\/retraite-guerir-ses-blessures-maternelles-et-ancestrales\/#article","isPartOf":{"@id":"https:\/\/alixarango.com\/fr\/retraite-guerir-ses-blessures-maternelles-et-ancestrales\/"},"author":{"name":"Alix Arango","@id":"https:\/\/alixarango.com\/fr\/#\/schema\/person\/56d79542f55b9997f2852ae954dc9d6c"},"headline":"Retraite Gu\u00e9rir ses blessures Maternelles et Ancestrales","datePublished":"2022-09-01T17:05:19+00:00","dateModified":"2022-09-01T17:51:23+00:00","mainEntityOfPage":{"@id":"https:\/\/alixarango.com\/fr\/retraite-guerir-ses-blessures-maternelles-et-ancestrales\/"},"wordCount":309,"commentCount":0,"publisher":{"@id":"https:\/\/alixarango.com\/fr\/#\/schema\/person\/56d79542f55b9997f2852ae954dc9d6c"},"image":{"@id":"https:\/\/alixarango.com\/fr\/retraite-guerir-ses-blessures-maternelles-et-ancestrales\/#primaryimage"},"thumbnailUrl":"https:\/\/alixarango.com\/fr\/wp-content\/uploads\/sites\/2\/2022\/09\/202209Retiro-las-Manos-de-mi-Madre.jpg","articleSection":["Nouvelles","retraites"],"inLanguage":"fr-FR","potentialAction":[{"@type":"CommentAction","name":"Comment","target":["https:\/\/alixarango.com\/fr\/retraite-guerir-ses-blessures-maternelles-et-ancestrales\/#respond"]}]},{"@type":"WebPage","@id":"https:\/\/alixarango.com\/fr\/retraite-guerir-ses-blessures-maternelles-et-ancestrales\/","url":"https:\/\/alixarango.com\/fr\/retraite-guerir-ses-blessures-maternelles-et-ancestrales\/","name":"Retraite Gu\u00e9rir ses blessures Maternelles et Ancestrales &#8226; Alizen FR","isPartOf":{"@id":"https:\/\/alixarango.com\/fr\/#website"},"primaryImageOfPage":{"@id":"https:\/\/alixarango.com\/fr\/retraite-guerir-ses-blessures-maternelles-et-ancestrales\/#primaryimage"},"image":{"@id":"https:\/\/alixarango.com\/fr\/retraite-guerir-ses-blessures-maternelles-et-ancestrales\/#primaryimage"},"thumbnailUrl":"https:\/\/alixarango.com\/fr\/wp-content\/uploads\/sites\/2\/2022\/09\/202209Retiro-las-Manos-de-mi-Madre.jpg","datePublished":"2022-09-01T17:05:19+00:00","dateModified":"2022-09-01T17:51:23+00:00","description":"Gu\u00e9rir ses blessures Maternelles et Ancestrales, une retraite t\u2019invite \u00e0 retourner \u00e0 tes origines pour gu\u00e9rir tes blessures maternelles au travers de tes m\u00e9moires ut\u00e9rines","breadcrumb":{"@id":"https:\/\/alixarango.com\/fr\/retraite-guerir-ses-blessures-maternelles-et-ancestrales\/#breadcrumb"},"inLanguage":"fr-FR","potentialAction":[{"@type":"ReadAction","target":["https:\/\/alixarango.com\/fr\/retraite-guerir-ses-blessures-maternelles-et-ancestrales\/"]}]},{"@type":"ImageObject","inLanguage":"fr-FR","@id":"https:\/\/alixarango.com\/fr\/retraite-guerir-ses-blessures-maternelles-et-ancestrales\/#primaryimage","url":"https:\/\/alixarango.com\/fr\/wp-content\/uploads\/sites\/2\/2022\/09\/202209Retiro-las-Manos-de-mi-Madre.jpg","contentUrl":"https:\/\/alixarango.com\/fr\/wp-content\/uploads\/sites\/2\/2022\/09\/202209Retiro-las-Manos-de-mi-Madre.jpg","width":800,"height":600},{"@type":"BreadcrumbList","@id":"https:\/\/alixarango.com\/fr\/retraite-guerir-ses-blessures-maternelles-et-ancestrales\/#breadcrumb","itemListElement":[{"@type":"ListItem","position":1,"name":"Portada","item":"https:\/\/alixarango.com\/fr\/"},{"@type":"ListItem","position":2,"name":"Retraite Gu\u00e9rir ses blessures Maternelles et Ancestrales"}]},{"@type":"WebSite","@id":"https:\/\/alixarango.com\/fr\/#website","url":"https:\/\/alixarango.com\/fr\/","name":"Alizen","description":"La danse, le mouvement et la cyclicit\u00e9 par Alix Arango","publisher":{"@id":"https:\/\/alixarango.com\/fr\/#\/schema\/person\/56d79542f55b9997f2852ae954dc9d6c"},"potentialAction":[{"@type":"SearchAction","target":{"@type":"EntryPoint","urlTemplate":"https:\/\/alixarango.com\/fr\/?s={search_term_string}"},"query-input":{"@type":"PropertyValueSpecification","valueRequired":true,"valueName":"search_term_string"}}],"inLanguage":"fr-FR"},{"@type":["Person","Organization"],"@id":"https:\/\/alixarango.com\/fr\/#\/schema\/person\/56d79542f55b9997f2852ae954dc9d6c","name":"Alix Arango","image":{"@type":"ImageObject","inLanguage":"fr-FR","@id":"https:\/\/alixarango.com\/fr\/#\/schema\/person\/image\/","url":"https:\/\/alixarango.com\/fr\/wp-content\/uploads\/sites\/2\/2020\/09\/loogo-alizen-corazon-300.png","contentUrl":"https:\/\/alixarango.com\/fr\/wp-content\/uploads\/sites\/2\/2020\/09\/loogo-alizen-corazon-300.png","width":300,"height":300,"caption":"Alix Arango"},"logo":{"@id":"https:\/\/alixarango.com\/fr\/#\/schema\/person\/image\/"}}]}},"_links":{"self":[{"href":"https:\/\/alixarango.com\/fr\/wp-json\/wp\/v2\/posts\/1070","targetHints":{"allow":["GET"]}}],"collection":[{"href":"https:\/\/alixarango.com\/fr\/wp-json\/wp\/v2\/posts"}],"about":[{"href":"https:\/\/alixarango.com\/fr\/wp-json\/wp\/v2\/types\/post"}],"author":[{"embeddable":true,"href":"https:\/\/alixarango.com\/fr\/wp-json\/wp\/v2\/users\/2"}],"replies":[{"embeddable":true,"href":"https:\/\/alixarango.com\/fr\/wp-json\/wp\/v2\/comments?post=1070"}],"version-history":[{"count":6,"href":"https:\/\/alixarango.com\/fr\/wp-json\/wp\/v2\/posts\/1070\/revisions"}],"predecessor-version":[{"id":1080,"href":"https:\/\/alixarango.com\/fr\/wp-json\/wp\/v2\/posts\/1070\/revisions\/1080"}],"wp:featuredmedia":[{"embeddable":true,"href":"https:\/\/alixarango.com\/fr\/wp-json\/wp\/v2\/media\/1071"}],"wp:attachment":[{"href":"https:\/\/alixarango.com\/fr\/wp-json\/wp\/v2\/media?parent=1070"}],"wp:term":[{"taxonomy":"category","embeddable":true,"href":"https:\/\/alixarango.com\/fr\/wp-json\/wp\/v2\/categories?post=1070"},{"taxonomy":"post_tag","embeddable":true,"href":"https:\/\/alixarango.com\/fr\/wp-json\/wp\/v2\/tags?post=1070"}],"curies":[{"name":"wp","href":"https:\/\/api.w.org\/{rel}","templated":true}]}}